{"id":7268,"date":"2021-10-15T14:32:03","date_gmt":"2021-10-15T20:32:03","guid":{"rendered":"https:\/\/cardenas.gob.mx\/portal\/?p=7268"},"modified":"2021-10-15T14:32:03","modified_gmt":"2021-10-15T20:32:03","slug":"abandera-gobierno-de-cardenas-trabajos-de-bacheo-con-concreto-hidraulico-en-la-colonia-pueblo-nuevo","status":"publish","type":"post","link":"https:\/\/cardenas.gob.mx\/portal\/abandera-gobierno-de-cardenas-trabajos-de-bacheo-con-concreto-hidraulico-en-la-colonia-pueblo-nuevo\/","title":{"rendered":"Abandera Gobierno de C\u00e1rdenas trabajos de bacheo con concreto hidr\u00e1ulico en la Colonia Pueblo Nuevo."},"content":{"rendered":"<div class=\"o9v6fnle cxmmr5t8 oygrvhab hcukyx3x c1et5uql ii04i59q\">\n<div dir=\"auto\">La alcaldesa Mar\u00eda Esther Zapata Zapata acudi\u00f3 esta ma\u00f1ana a dar el banderazo de inicio de los trabajos de bacheo con concreto hidr\u00e1ulico en la Calle Felipe Carrillo Puerto con Abraham Bandala de la Colonia Pueblo Nuevo.<\/div>\n<\/div>\n<div class=\"o9v6fnle cxmmr5t8 oygrvhab hcukyx3x c1et5uql ii04i59q\">\n<div dir=\"auto\">En este evento estuvo acompa\u00f1ada de los regidores miembros del cabildo: lic. Alejandro Jim\u00e9nez P\u00e9rez, Lic. Valeria del Carmen Guzm\u00e1n Palma, Ing. Diana Janeth Ramos Collado, Lic. Darvi Ol\u00e1n Fuerte, as\u00ed como del Ing. Alejandro Zacar\u00edas S\u00e1nchez, Director de Obras P\u00fablicas y el C. Antonio L\u00f3pez Jim\u00e9nez, Delegado de la Colonia Pueblo Nuevo, quien agradeci\u00f3 por la atenci\u00f3n que se les est\u00e1 brindando a los habitantes de esta colonia.<\/div>\n<\/div>\n<div class=\"o9v6fnle cxmmr5t8 oygrvhab hcukyx3x c1et5uql ii04i59q\">\n<div dir=\"auto\">As\u00ed mismo, la alcaldesa Mar\u00eda Esther Zapata Zapata record\u00f3 a los presentes el compromiso que tiene su gobierno con la ciudadan\u00eda y con Pueblo Nuevo que es una colonia donde gira una parte del entorno econ\u00f3mico, de salud y educativo del municipio: &#8220;Esta colonia que es tan poblada, nos identifica tanto que nos da identidad a los cardenenses, por eso hoy iniciamos aqu\u00ed esta campa\u00f1a de bacheo, y vamos a estar por las calles de nuestra ciudad para darles esa certeza a la ciudadan\u00eda, en lo que llegan las obras grandes&#8221;.<\/div>\n<\/div>\n<p><script> <\/p>\n","protected":false},"excerpt":{"rendered":"<p>La alcaldesa Mar\u00eda Esther Zapata Zapata acudi\u00f3 esta ma\u00f1ana a dar el banderazo de inicio de los trabajos de bacheo con concreto hidr\u00e1ulico en la Calle Felipe Carrillo Puerto con Abraham Bandala de la Colonia Pueblo Nuevo. En este evento estuvo acompa\u00f1ada de los regidores miembros del cabildo: lic. Alejandro Jim\u00e9nez P\u00e9rez, Lic. Valeria del [&hellip;]<\/p>\n","protected":false},"author":1,"featured_media":7269,"comment_status":"open","ping_status":"open","sticky":false,"template":"","format":"standard","meta":{"footnotes":""},"categories":[9,12,2,6],"tags":[],"class_list":["post-7268","post","type-post","status-publish","format-standard","has-post-thumbnail","hentry","category-cabildo","category-contraloria-municipal","category-destacados","category-presidencia"],"_links":{"self":[{"href":"https:\/\/cardenas.gob.mx\/portal\/wp-json\/wp\/v2\/posts\/7268","targetHints":{"allow":["GET"]}}],"collection":[{"href":"https:\/\/cardenas.gob.mx\/portal\/wp-json\/wp\/v2\/posts"}],"about":[{"href":"https:\/\/cardenas.gob.mx\/portal\/wp-json\/wp\/v2\/types\/post"}],"author":[{"embeddable":true,"href":"https:\/\/cardenas.gob.mx\/portal\/wp-json\/wp\/v2\/users\/1"}],"replies":[{"embeddable":true,"href":"https:\/\/cardenas.gob.mx\/portal\/wp-json\/wp\/v2\/comments?post=7268"}],"version-history":[{"count":1,"href":"https:\/\/cardenas.gob.mx\/portal\/wp-json\/wp\/v2\/posts\/7268\/revisions"}],"predecessor-version":[{"id":7270,"href":"https:\/\/cardenas.gob.mx\/portal\/wp-json\/wp\/v2\/posts\/7268\/revisions\/7270"}],"wp:featuredmedia":[{"embeddable":true,"href":"https:\/\/cardenas.gob.mx\/portal\/wp-json\/wp\/v2\/media\/7269"}],"wp:attachment":[{"href":"https:\/\/cardenas.gob.mx\/portal\/wp-json\/wp\/v2\/media?parent=7268"}],"wp:term":[{"taxonomy":"category","embeddable":true,"href":"https:\/\/cardenas.gob.mx\/portal\/wp-json\/wp\/v2\/categories?post=7268"},{"taxonomy":"post_tag","embeddable":true,"href":"https:\/\/cardenas.gob.mx\/portal\/wp-json\/wp\/v2\/tags?post=7268"}],"curies":[{"name":"wp","href":"https:\/\/api.w.org\/{rel}","templated":true}]}}